{"id":141,"date":"2017-04-04T09:16:58","date_gmt":"2017-04-04T09:16:58","guid":{"rendered":"http:\/\/cde.univr.it\/?p=141"},"modified":"2017-05-18T09:48:26","modified_gmt":"2017-05-18T09:48:26","slug":"solidarieta-e-responsabilita-nella-governance-delle-crisi-migratorie","status":"publish","type":"post","link":"https:\/\/cde.univr.it\/index.php\/solidarieta-e-responsabilita-nella-governance-delle-crisi-migratorie\/","title":{"rendered":"Solidariet\u00e0 e responsabilit\u00e0 nella governance delle crisi migratorie"},"content":{"rendered":"<p>Convegno<\/p>\n<h2>Solidariet\u00e0 e responsabilit\u00e0 nella governance delle crisi migratorie<\/h2>\n<p>21-22 aprile 2017<\/p>\n<p>Dipartimento di Scienze Giuridiche &#8211; Universit\u00e0 di Verona<\/p>\n<a href=\"https:\/\/cde.univr.it\/wp-content\/uploads\/2017\/04\/201704-Convegno_Migrazioni_DIP_SCGIURIDICHE.pdf\" class=\"pdfemb-viewer\" style=\"\" data-width=\"max\" data-height=\"max\" data-toolbar=\"bottom\" data-toolbar-fixed=\"off\">201704 Convegno_Migrazioni_DIP_SCGIURIDICHE<\/a>\n","protected":false},"excerpt":{"rendered":"<p>Convegno Solidariet\u00e0 e responsabilit\u00e0 nella governance delle crisi migratorie 21-22 aprile 2017 Dipartimento di Scienze Giuridiche &#8211; Universit\u00e0 di Verona<\/p>\n","protected":false},"author":1,"featured_media":143,"comment_status":"closed","ping_status":"closed","sticky":false,"template":"","format":"standard","meta":{"_editorskit_title_hidden":false,"_editorskit_reading_time":0,"_editorskit_is_block_options_detached":false,"_editorskit_block_options_position":"{}","footnotes":""},"categories":[103],"tags":[80,79],"class_list":["post-141","post","type-post","status-publish","format-standard","has-post-thumbnail","hentry","category-news","tag-governance","tag-migrazioni"],"_links":{"self":[{"href":"https:\/\/cde.univr.it\/index.php\/wp-json\/wp\/v2\/posts\/141","targetHints":{"allow":["GET"]}}],"collection":[{"href":"https:\/\/cde.univr.it\/index.php\/wp-json\/wp\/v2\/posts"}],"about":[{"href":"https:\/\/cde.univr.it\/index.php\/wp-json\/wp\/v2\/types\/post"}],"author":[{"embeddable":true,"href":"https:\/\/cde.univr.it\/index.php\/wp-json\/wp\/v2\/users\/1"}],"replies":[{"embeddable":true,"href":"https:\/\/cde.univr.it\/index.php\/wp-json\/wp\/v2\/comments?post=141"}],"version-history":[{"count":1,"href":"https:\/\/cde.univr.it\/index.php\/wp-json\/wp\/v2\/posts\/141\/revisions"}],"predecessor-version":[{"id":144,"href":"https:\/\/cde.univr.it\/index.php\/wp-json\/wp\/v2\/posts\/141\/revisions\/144"}],"wp:featuredmedia":[{"embeddable":true,"href":"https:\/\/cde.univr.it\/index.php\/wp-json\/wp\/v2\/media\/143"}],"wp:attachment":[{"href":"https:\/\/cde.univr.it\/index.php\/wp-json\/wp\/v2\/media?parent=141"}],"wp:term":[{"taxonomy":"category","embeddable":true,"href":"https:\/\/cde.univr.it\/index.php\/wp-json\/wp\/v2\/categories?post=141"},{"taxonomy":"post_tag","embeddable":true,"href":"https:\/\/cde.univr.it\/index.php\/wp-json\/wp\/v2\/tags?post=141"}],"curies":[{"name":"wp","href":"https:\/\/api.w.org\/{rel}","templated":true}]}}