{"id":4066,"date":"2023-05-02T09:29:44","date_gmt":"2023-05-02T09:29:44","guid":{"rendered":"https:\/\/cde.univr.it\/?p=4066"},"modified":"2023-05-05T11:30:03","modified_gmt":"2023-05-05T11:30:03","slug":"il-conflitto-russo-ucraino-e-possibile-una-politica-di-difesa-europea","status":"publish","type":"post","link":"https:\/\/cde.univr.it\/index.php\/il-conflitto-russo-ucraino-e-possibile-una-politica-di-difesa-europea\/","title":{"rendered":"IL CONFLITTO RUSSO-UCRAINO: E&#8217; POSSIBILE UNA POLITICA DI DIFESA EUROPEA?"},"content":{"rendered":"\n<h2 class=\"wp-block-heading has-text-align-left\">Venerd\u00ec 05 Maggio 2023: ore 17.15 &#8211; 19.00<\/h2>\n\n\n\n<h2 class=\"wp-block-heading has-text-align-left\"><\/h2>\n\n\n\n<h3 class=\"wp-block-heading\"><p align=\"justify\"><\/h3>\n\n\n\n<!--more-->\n\n\n\n<p><\/p>\n\n\n\n<p><a href=\"http:\/\/cdeita.it\/ciclo-di-incontri-stato-dellunione\/\"><\/a><\/p>\n\n\n\n<h2 class=\"wp-block-heading\">Iniziativa nell&#8217;ambito del Festival &#8220;<a href=\"https:\/\/portale.comune.verona.it\/nqcontent.cfm?a_id=1\" class=\"ek-link\">Verona Europa<\/a>&#8221; in programma dal 5 al 30 maggio 2023<\/h2>\n\n\n\n<p><\/p>\n\n\n\n<p><a href=\"http:\/\/cdeita.it\/ciclo-di-incontri-stato-dellunione\/\"><\/a><\/p>\n\n\n\n<p class=\"has-text-align-left\">Il primo festival promosso per la festa dell\u2019Europa dal Comune di Verona unitamente all\u2019Universit\u00e0 di Verona e alla Provincia di Verona e in collaborazione con diverse realt\u00e0 sul territorio sensibili e attive sul tema per valorizzare il carattere pienamente europeo della citt\u00e0. Il ciclo di eventi ha il patrocinio della Rappresentanza in Italia della Commissione europea, del Parlamento europeo e dell\u2019Ufficio di Venezia del Consiglio d\u2019Europa.<\/p>\n\n\n\n<p class=\"has-text-align-left\">La conferenza del 5 maggio, anniversario della fondazione del Consiglio d&#8217;Europa, sar\u00e0 dedicata al conflitto russo ucraino e al ruolo dell&#8217;Unione Europea per una politica di difesa europea. Interverranno sul tema, introdotti da Caterina FRATEA, Associato di Diritto dell\u2019Unione europea dell\u2019Universit\u00e0 di Verona: Marco PERONACI Rappresentante permanente d\u2019Italia presso il Consiglio Atlantico; Mara MORINI Associata di Scienza politica dell\u2019Universit\u00e0 di Genova e Camilla MARIOTTO Ricercatrice di Politica europea dell\u2019Universit\u00e0 di Innsbruck. Porteranno i saluti istituzionali Stefano TROIANO, Direttore del Dipartimento di Scienze giuridiche dell\u2019Universit\u00e0 di Verona e Giacomo CONA, Consigliere Comunale delegato alle Politiche Europee del Comune di Verona.<\/p>\n\n\n\n<p><br><\/p>\n\n\n\n<p> <\/p>\n\n\n\n<p>Il <strong>programma <\/strong>\u00e8 reperibile al seguente link:<\/p>\n\n\n\n<p><a href=\"https:\/\/portale.comune.verona.it\/nqcontent.cfm?a_id=1\" class=\"ek-link\">https:\/\/portale.comune.verona.it\/nqcontent.cfm?a_id=1<\/a><\/p>\n\n\n\n<p><strong>Articolo su Univr Magazine<\/strong>: <a href=\"https:\/\/www.univrmagazine.it\/2023\/05\/02\/al-via-il-festival-verona-europa\/\" class=\"ek-link\">https:\/\/www.univrmagazine.it\/2023\/05\/02\/al-via-il-festival-verona-europa\/<\/a><\/p>\n\n\n\n<p><\/p>\n\n\n\n<p><\/p>\n\n\n\n<p><\/p>\n\n\n\n<p><\/p>\n\n\n\n<p><\/p>\n\n\n\n<hr class=\"wp-block-separator has-text-color has-vivid-cyan-blue-color has-alpha-channel-opacity has-vivid-cyan-blue-background-color has-background is-style-wide\"\/>\n\n\n\n<div style=\"height:50px\" aria-hidden=\"true\" class=\"wp-block-spacer\"><\/div>\n\n\n\n<blockquote class=\"wp-block-quote is-layout-flow wp-block-quote-is-layout-flow\">\n<figure class=\"wp-block-gallery aligncenter has-nested-images columns-default is-cropped wp-block-gallery-1 is-layout-flex wp-block-gallery-is-layout-flex\"><div class=\"wp-block-image\">\n<figure class=\"aligncenter size-full\"><img loading=\"lazy\" decoding=\"async\" width=\"1755\" height=\"2481\" data-id=\"4069\" src=\"https:\/\/cde.univr.it\/wp-content\/uploads\/UE-Ucraina_5-maggio-2023_festivalEuropa_locandina-1_page-0001.jpg\" alt=\"\" class=\"wp-image-4069\" srcset=\"https:\/\/cde.univr.it\/wp-content\/uploads\/UE-Ucraina_5-maggio-2023_festivalEuropa_locandina-1_page-0001.jpg 1755w, https:\/\/cde.univr.it\/wp-content\/uploads\/UE-Ucraina_5-maggio-2023_festivalEuropa_locandina-1_page-0001-212x300.jpg 212w, https:\/\/cde.univr.it\/wp-content\/uploads\/UE-Ucraina_5-maggio-2023_festivalEuropa_locandina-1_page-0001-724x1024.jpg 724w, https:\/\/cde.univr.it\/wp-content\/uploads\/UE-Ucraina_5-maggio-2023_festivalEuropa_locandina-1_page-0001-768x1086.jpg 768w, https:\/\/cde.univr.it\/wp-content\/uploads\/UE-Ucraina_5-maggio-2023_festivalEuropa_locandina-1_page-0001-1087x1536.jpg 1087w, https:\/\/cde.univr.it\/wp-content\/uploads\/UE-Ucraina_5-maggio-2023_festivalEuropa_locandina-1_page-0001-1449x2048.jpg 1449w\" sizes=\"auto, (max-width: 1755px) 100vw, 1755px\" \/><\/figure>\n<\/div><\/figure>\n<\/blockquote>\n\n\n\n<p><\/p>\n\n\n\n<p><\/p>\n\n\n\n<p><\/p>\n\n\n\n<p><\/p>\n\n\n\n<p><\/p>\n\n\n\n<p><\/p>\n\n\n\n<p><\/p>\n","protected":false},"excerpt":{"rendered":"<p>Venerd\u00ec 05 Maggio 2023: ore 17.15 &#8211; 19.00<\/p>\n","protected":false},"author":3,"featured_media":4064,"comment_status":"closed","ping_status":"closed","sticky":false,"template":"","format":"standard","meta":{"_editorskit_title_hidden":false,"_editorskit_reading_time":1,"_editorskit_is_block_options_detached":false,"_editorskit_block_options_position":"{}","footnotes":""},"categories":[49],"tags":[306,305,291,23],"class_list":["post-4066","post","type-post","status-publish","format-standard","has-post-thumbnail","hentry","category-seminari-e-incontri","tag-festival-europeo-di-verona","tag-politica-europea-di-difesa","tag-ucraina","tag-unione-europea"],"_links":{"self":[{"href":"https:\/\/cde.univr.it\/index.php\/wp-json\/wp\/v2\/posts\/4066","targetHints":{"allow":["GET"]}}],"collection":[{"href":"https:\/\/cde.univr.it\/index.php\/wp-json\/wp\/v2\/posts"}],"about":[{"href":"https:\/\/cde.univr.it\/index.php\/wp-json\/wp\/v2\/types\/post"}],"author":[{"embeddable":true,"href":"https:\/\/cde.univr.it\/index.php\/wp-json\/wp\/v2\/users\/3"}],"replies":[{"embeddable":true,"href":"https:\/\/cde.univr.it\/index.php\/wp-json\/wp\/v2\/comments?post=4066"}],"version-history":[{"count":4,"href":"https:\/\/cde.univr.it\/index.php\/wp-json\/wp\/v2\/posts\/4066\/revisions"}],"predecessor-version":[{"id":4086,"href":"https:\/\/cde.univr.it\/index.php\/wp-json\/wp\/v2\/posts\/4066\/revisions\/4086"}],"wp:featuredmedia":[{"embeddable":true,"href":"https:\/\/cde.univr.it\/index.php\/wp-json\/wp\/v2\/media\/4064"}],"wp:attachment":[{"href":"https:\/\/cde.univr.it\/index.php\/wp-json\/wp\/v2\/media?parent=4066"}],"wp:term":[{"taxonomy":"category","embeddable":true,"href":"https:\/\/cde.univr.it\/index.php\/wp-json\/wp\/v2\/categories?post=4066"},{"taxonomy":"post_tag","embeddable":true,"href":"https:\/\/cde.univr.it\/index.php\/wp-json\/wp\/v2\/tags?post=4066"}],"curies":[{"name":"wp","href":"https:\/\/api.w.org\/{rel}","templated":true}]}}