{"id":880,"date":"2017-10-11T14:35:13","date_gmt":"2017-10-11T14:35:13","guid":{"rendered":"http:\/\/cde.univr.it\/?p=880"},"modified":"2017-10-31T12:09:26","modified_gmt":"2017-10-31T12:09:26","slug":"collaborazione-del-cde-alla-realizzazione-del-progetto-europa-dei-diritti-promosso-dallassociazione-generazione-zero-3","status":"publish","type":"post","link":"https:\/\/cde.univr.it\/index.php\/collaborazione-del-cde-alla-realizzazione-del-progetto-europa-dei-diritti-promosso-dallassociazione-generazione-zero-3\/","title":{"rendered":"Governance dell\u2019accoglienza nelle crisi umanitarie"},"content":{"rendered":"<h2 style=\"text-align: justify;\">Corso di perfezionamento e aggiornamento professionale <!--more--><\/h2>\n<table>\n<tbody>\n<tr>\n<td>\n<p style=\"text-align: justify;\">Le migrazioni forzate sono un fenomeno strutturale in crescita a livello globale, europeo e nazionale, destinato a non esaurirsi nel breve periodo e, pertanto, da affrontare con politiche specifiche, e non solo emergenziali, capaci di far fronte alle ripercussioni che ne derivano da un punto di vista <strong>umanitario, sociale, economico e sanitario.<\/strong><\/p>\n<p style=\"text-align: justify;\">L&#8217;esigenza di aumentare le <strong>capacit\u00e0 di accoglienza<\/strong> si accompagna alla necessit\u00e0 di garantire la <strong>qualit\u00e0 dei servizi<\/strong> e la <strong>formazione di professionalit\u00e0 adeguate<\/strong>, nonch\u00e9 di fornire alle persone in accoglienza risposte credibili circa la possibilit\u00e0 di integrazione.<\/p>\n<p style=\"text-align: justify;\">La prima edizione del <strong>corso di formazione e aggiornamento e professionale<\/strong> in governance dell&#8217;accoglienza nelle crisi umanitarie si propone pertanto di realizzare un <strong>percorso formativo<\/strong> finalizzato a trasmettere <strong>conoscenze aggiornate, strumenti e metodologie di lavoro utili a figure professionali specializzate<\/strong>, che <strong>gi\u00e0 operino<\/strong> o che <strong>intendano operare<\/strong> nel settore della protezione internazionale.<\/p>\n<p style=\"text-align: justify;\">L&#8217;impostazione del corso sar\u00e0 <strong>interdisciplinare<\/strong> e incentrata sul <strong>diritto all&#8217;accoglienza nel contesto multilivello<\/strong> della protezione internazionale. La metodologia sar\u00e0 improntata su una <strong>comunicazione altamente partecipativa<\/strong>, che lasci spazio alla trattazione di casi pratici, testimonianze e approfondimenti seminariali sulle problematiche di maggior interesse.<\/p>\n<p style=\"text-align: justify;\">Il <strong>corpo docente<\/strong> sar\u00e0 composto da appartenenti a pi\u00f9 <strong>Dipartimenti dell&#8217;Universit\u00e0 di Verona<\/strong> e ad <strong>altri Atenei<\/strong>, nonch\u00e9 da <strong>professionisti ed esperti<\/strong> che operano nel settore della protezione internazionale.<\/p>\n<p style=\"text-align: justify;\">Per le <strong>modalit\u00e0\u00a0 di iscrizione<\/strong> (aperte fino al 10 ottobre 2017) e<strong> ulteriori informazioni<\/strong>: <a href=\"https:\/\/www.univr.it\/main?ent=offerta&amp;aa=2017%2F2018&amp;cs=843&amp;lang=it\">https:\/\/www.univr.it\/main?ent=offerta&amp;aa=2017%2F2018&amp;cs=843&amp;lang=it<\/a><\/p>\n<p style=\"text-align: justify;\">[gview file=&#8221;https:\/\/cde.univr.it\/wp-content\/uploads\/Governance-dellaccoglienza-pieghevole.pdf&#8221; save=&#8221;1&#8243;]<\/p>\n<p>&nbsp;<\/p>\n<p>&nbsp;<\/td>\n<\/tr>\n<\/tbody>\n<\/table>\n<p>&nbsp;<\/p>\n","protected":false},"excerpt":{"rendered":"<p>Corso di perfezionamento e aggiornamento professionale<\/p>\n","protected":false},"author":3,"featured_media":873,"comment_status":"closed","ping_status":"closed","sticky":false,"template":"","format":"standard","meta":{"_editorskit_title_hidden":false,"_editorskit_reading_time":0,"_editorskit_is_block_options_detached":false,"_editorskit_block_options_position":"{}","footnotes":""},"categories":[49],"tags":[148,147],"class_list":["post-880","post","type-post","status-publish","format-standard","has-post-thumbnail","hentry","category-seminari-e-incontri","tag-corso-di-pefezionamento-e-aggiornamento-professionale","tag-protezione-internazionale"],"_links":{"self":[{"href":"https:\/\/cde.univr.it\/index.php\/wp-json\/wp\/v2\/posts\/880","targetHints":{"allow":["GET"]}}],"collection":[{"href":"https:\/\/cde.univr.it\/index.php\/wp-json\/wp\/v2\/posts"}],"about":[{"href":"https:\/\/cde.univr.it\/index.php\/wp-json\/wp\/v2\/types\/post"}],"author":[{"embeddable":true,"href":"https:\/\/cde.univr.it\/index.php\/wp-json\/wp\/v2\/users\/3"}],"replies":[{"embeddable":true,"href":"https:\/\/cde.univr.it\/index.php\/wp-json\/wp\/v2\/comments?post=880"}],"version-history":[{"count":2,"href":"https:\/\/cde.univr.it\/index.php\/wp-json\/wp\/v2\/posts\/880\/revisions"}],"predecessor-version":[{"id":967,"href":"https:\/\/cde.univr.it\/index.php\/wp-json\/wp\/v2\/posts\/880\/revisions\/967"}],"wp:featuredmedia":[{"embeddable":true,"href":"https:\/\/cde.univr.it\/index.php\/wp-json\/wp\/v2\/media\/873"}],"wp:attachment":[{"href":"https:\/\/cde.univr.it\/index.php\/wp-json\/wp\/v2\/media?parent=880"}],"wp:term":[{"taxonomy":"category","embeddable":true,"href":"https:\/\/cde.univr.it\/index.php\/wp-json\/wp\/v2\/categories?post=880"},{"taxonomy":"post_tag","embeddable":true,"href":"https:\/\/cde.univr.it\/index.php\/wp-json\/wp\/v2\/tags?post=880"}],"curies":[{"name":"wp","href":"https:\/\/api.w.org\/{rel}","templated":true}]}}