{"id":940,"date":"2017-11-08T21:22:22","date_gmt":"2017-11-08T21:22:22","guid":{"rendered":"http:\/\/cde.univr.it\/?p=940"},"modified":"2017-11-09T12:32:39","modified_gmt":"2017-11-09T12:32:39","slug":"lotta-contro-lincitamento-allodio-online-seconda-valutazione-del-codice-di-condotta-2-3-2-2-2-2-2","status":"publish","type":"post","link":"https:\/\/cde.univr.it\/index.php\/lotta-contro-lincitamento-allodio-online-seconda-valutazione-del-codice-di-condotta-2-3-2-2-2-2-2\/","title":{"rendered":"Minori stranieri non accompagnati: l&#8217;accoglienza nelle citt\u00e0 europee"},"content":{"rendered":"<h1 id=\"page-title\" class=\"col-lg-0 col-md-0 col-sm-12 col-xs-12\" style=\"text-align: justify;\">dibattito\u00a0 al Congresso dei poteri locali e regionali del Consiglio d&#8217;Europa<\/h1>\n<p style=\"text-align: justify;\"><!--more--><\/p>\n<p style=\"text-align: justify;\"><span style=\"font-size: x-large;\">Il 18 ottobre 2017 il \u00a0<a href=\"https:\/\/www.coe.int\/en\/web\/congress\/home\" target=\"_blank\" rel=\"noopener noreferrer\">Congresso dei poteri locali e regionali del Consiglio d\u2019Europa<\/a> ha tenuto un dibattito sull\u2019accoglienza dei minori migranti non accompagnati nelle citt\u00e0 europee. Secondo Yoomi Renstr\u00f6m (Svezia, SOC), la diminuzione nel 2017\u00a0del \u00a0numero di minori migranti in Europa non \u00e8 stata una conseguenza dell\u2019ulteriore irrigidimento delle politiche migratorie. <\/span><\/p>\n<p style=\"text-align: justify;\"><span style=\"font-size: x-large;\">Si \u00e8 insistito sulla necessit\u00e0 di mobilitare le autorit\u00e0, al fine di accrescere il numero di famiglie ospitanti per i minori migranti, prevenire la tratta di minori e stabilire un sistema di tutori di riferimento per i giovani. L\u2019introduzione di una piattaforma di scambio con i residenti locali aiuterebbe a prevenire la creazione di una societ\u00e0 parallela e assicurare il rispetto dei diritti dei minori<\/span><\/p>\n<p>Fonte: <a href=\"https:\/\/www.coe.int\/en\/web\/portal\/-\/testimonies-and-debate-on-reception-of-unaccompanied-migrant-children-in-european-towns\">Comunicato stampa del Consiglio d&#8217;Europa<\/a><\/p>\n<p>&nbsp;<\/p>\n<p>&nbsp;<\/p>\n<div class=\"lead\">\n<div id=\"layout\" class=\"layout layout-noleft layout-noright\">\n<div class=\"layout-body subpages rapid\">\n<div class=\"layout-wrapper\">\n<div class=\"layout-wrapper-reset\">\n<div class=\"layout-content\">\n<div class=\"layout-content-reset\">\n<div id=\"layout-left-column\">\n<div id=\"layout-left-column-reset\">\n<div id=\"layout-left-column-content\">\n<div id=\"layout-content-content\">\n<div id=\"contentPressReleaseWrapper\">\n<div id=\"contentPressRelease\">\n<table width=\"100%\">\n<tbody>\n<tr>\n<td>\n<div class=\"content\">\n<p>&nbsp;<\/p>\n<p>&nbsp;<\/p>\n<\/div>\n<\/td>\n<\/tr>\n<\/tbody>\n<\/table>\n<\/div>\n<\/div>\n<\/div>\n<\/div>\n<\/div>\n<\/div>\n<\/div>\n<\/div>\n<\/div>\n<\/div>\n<\/div>\n<\/div>\n<\/div>\n<div id=\"layout\" class=\"layout layout-noleft layout-noright\">\n<div class=\"layout-body subpages rapid\">\n<div class=\"layout-wrapper\">\n<div class=\"layout-wrapper-reset\">\n<div class=\"layout-content\">\n<div class=\"layout-content-reset\">\n<div id=\"layout-left-column\">\n<div id=\"layout-left-column-reset\">\n<div id=\"layout-left-column-content\">\n<div id=\"layout-content-content\">\n<div id=\"contentPressReleaseWrapper\">\n<div id=\"contentPressRelease\">\n<table width=\"100%\">\n<tbody>\n<tr>\n<td><\/td>\n<\/tr>\n<\/tbody>\n<\/table>\n<\/div>\n<\/div>\n<\/div>\n<\/div>\n<\/div>\n<\/div>\n<\/div>\n<\/div>\n<\/div>\n<\/div>\n<\/div>\n<\/div>\n","protected":false},"excerpt":{"rendered":"<p>dibattito\u00a0 al Congresso dei poteri locali e regionali del Consiglio d&#8217;Europa<\/p>\n","protected":false},"author":3,"featured_media":169,"comment_status":"closed","ping_status":"closed","sticky":false,"template":"","format":"standard","meta":{"_editorskit_title_hidden":false,"_editorskit_reading_time":0,"_editorskit_is_block_options_detached":false,"_editorskit_block_options_position":"{}","footnotes":""},"categories":[103,115],"tags":[157,154,156],"class_list":["post-940","post","type-post","status-publish","format-standard","has-post-thumbnail","hentry","category-news","category-segnalazioni","tag-accoglienza","tag-consiglio-deuropa","tag-minori-stranieri-non-accompagnati"],"_links":{"self":[{"href":"https:\/\/cde.univr.it\/index.php\/wp-json\/wp\/v2\/posts\/940","targetHints":{"allow":["GET"]}}],"collection":[{"href":"https:\/\/cde.univr.it\/index.php\/wp-json\/wp\/v2\/posts"}],"about":[{"href":"https:\/\/cde.univr.it\/index.php\/wp-json\/wp\/v2\/types\/post"}],"author":[{"embeddable":true,"href":"https:\/\/cde.univr.it\/index.php\/wp-json\/wp\/v2\/users\/3"}],"replies":[{"embeddable":true,"href":"https:\/\/cde.univr.it\/index.php\/wp-json\/wp\/v2\/comments?post=940"}],"version-history":[{"count":2,"href":"https:\/\/cde.univr.it\/index.php\/wp-json\/wp\/v2\/posts\/940\/revisions"}],"predecessor-version":[{"id":969,"href":"https:\/\/cde.univr.it\/index.php\/wp-json\/wp\/v2\/posts\/940\/revisions\/969"}],"wp:featuredmedia":[{"embeddable":true,"href":"https:\/\/cde.univr.it\/index.php\/wp-json\/wp\/v2\/media\/169"}],"wp:attachment":[{"href":"https:\/\/cde.univr.it\/index.php\/wp-json\/wp\/v2\/media?parent=940"}],"wp:term":[{"taxonomy":"category","embeddable":true,"href":"https:\/\/cde.univr.it\/index.php\/wp-json\/wp\/v2\/categories?post=940"},{"taxonomy":"post_tag","embeddable":true,"href":"https:\/\/cde.univr.it\/index.php\/wp-json\/wp\/v2\/tags?post=940"}],"curies":[{"name":"wp","href":"https:\/\/api.w.org\/{rel}","templated":true}]}}